{"id":1615,"date":"2024-10-02T08:29:30","date_gmt":"2024-10-02T08:29:30","guid":{"rendered":"https:\/\/www.amigospouponniere.org\/concert-de-solidarite\/"},"modified":"2025-05-15T08:14:03","modified_gmt":"2025-05-15T08:14:03","slug":"concert-de-solidarite","status":"publish","type":"post","link":"https:\/\/www.amigospouponniere.org\/fr\/concert-de-solidarite\/","title":{"rendered":"Concert de solidarit\u00e9"},"content":{"rendered":"\n<h3 class=\"wp-block-heading\"><strong>Date<\/strong>: <strong>18 d\u00e9cembre 2024<\/strong><\/h3>\n\n<p>Les <strong>Amis de la<\/strong> Fondation <strong>La Pouponni\u00e8re<\/strong> vous invitent \u00e0 assister \u00e0 un <strong>concert de solidarit\u00e9<\/strong> magique <strong>en<\/strong> collaboration avec la prestigieuse <strong>chorale Gaudeamus<\/strong>, sous la direction d&rsquo;<strong>Antonio Peces G\u00f3mez<\/strong>. Une soir\u00e9e unique, plac\u00e9e sous le signe de la musique de No\u00ebl et de l&rsquo;esprit de solidarit\u00e9, o\u00f9 chaque note sera un pas de plus vers l&rsquo;am\u00e9lioration des conditions de vie des enfants au S\u00e9n\u00e9gal. <\/p>\n\n<h2 class=\"wp-block-heading\">D\u00e9tails du concert<\/h2>\n\n<ul class=\"wp-block-list\">\n<li><strong>Date<\/strong>: lundi 18 d\u00e9cembre 2024<\/li>\n\n\n\n<li><strong>Heure<\/strong>: 20:15h<\/li>\n\n\n\n<li><strong>Lieu<\/strong>: Parroquia San Le\u00f3n Magno [Calle del Concejal Benito Mart\u00edn Lozano, 7, 28005, Madrid].<\/li>\n\n\n\n<li><strong>Billet de solidarit\u00e9<\/strong>: 10\u20ac.<\/li>\n<\/ul>\n\n<h2 class=\"wp-block-heading\">Comment acheter votre billet ?<\/h2>\n\n<p>Les billets seront disponibles le <strong>jour du concert<\/strong> \u00e0 l&rsquo;entr\u00e9e de la paroisse, alors venez t\u00f4t pour vous assurer une place ! <\/p>\n\n<h2 class=\"wp-block-heading\">Pourquoi participer ?<\/h2>\n\n<p>Chaque billet repr\u00e9sente une opportunit\u00e9 de soutenir les projets que nous d\u00e9veloppons au S\u00e9n\u00e9gal : de la fourniture de nourriture et de m\u00e9dicaments aux traitements de physioth\u00e9rapie et \u00e0 l&rsquo;acc\u00e8s \u00e0 l&rsquo;\u00e9ducation pour les plus vuln\u00e9rables.<\/p>\n\n<p>La <strong>chorale Gaudeamus<\/strong>, avec son vaste r\u00e9pertoire de musique sacr\u00e9e et de chants de No\u00ebl traditionnels, vous promet une exp\u00e9rience musicale inoubliable. Le tout dans un cadre incomparable de solidarit\u00e9 et d&rsquo;espoir. <\/p>\n\n<h2 class=\"wp-block-heading\">Rejoignez cette cause<\/h2>\n\n<p>Venez profiter de la musique et participez au changement.  <strong>Nous vous attendons !<\/strong><\/p>\n","protected":false},"excerpt":{"rendered":"<p>Date: 18 d\u00e9cembre 2024 Les Amis de la Fondation La Pouponni\u00e8re vous invitent \u00e0 assister \u00e0 un concert de solidarit\u00e9 magique en collaboration avec la prestigieuse chorale Gaudeamus, sous la direction d&rsquo;Antonio Peces G\u00f3mez. Une soir\u00e9e unique, plac\u00e9e sous le signe de la musique de No\u00ebl et de l&rsquo;esprit de solidarit\u00e9, o\u00f9 chaque note sera &#8230; <a title=\"Concert de solidarit\u00e9\" class=\"read-more\" href=\"https:\/\/www.amigospouponniere.org\/fr\/concert-de-solidarite\/\" aria-label=\"En savoir plus sur Concert de solidarit\u00e9\">Lire plus<\/a><\/p>\n","protected":false},"author":5,"featured_media":1513,"comment_status":"open","ping_status":"open","sticky":false,"template":"","format":"standard","meta":{"footnotes":""},"categories":[19,20],"tags":[],"class_list":["post-1615","post","type-post","status-publish","format-standard","has-post-thumbnail","hentry","category-actualites","category-evenements"],"yoast_head":"<!-- This site is optimized with the Yoast SEO plugin v27.5 - https:\/\/yoast.com\/product\/yoast-seo-wordpress\/ -->\n<title>Concert de solidarit\u00e9 | Amigos de Pouponnier<\/title>\n<meta name=\"robots\" content=\"index, follow, max-snippet:-1, max-image-preview:large, max-video-preview:-1\" \/>\n<link rel=\"canonical\" href=\"https:\/\/www.amigospouponniere.org\/fr\/concert-de-solidarite\/\" \/>\n<meta property=\"og:locale\" content=\"fr_FR\" \/>\n<meta property=\"og:type\" content=\"article\" \/>\n<meta property=\"og:title\" content=\"Concert de solidarit\u00e9 | Amigos de Pouponnier\" \/>\n<meta property=\"og:description\" content=\"Date: 18 d\u00e9cembre 2024 Les Amis de la Fondation La Pouponni\u00e8re vous invitent \u00e0 assister \u00e0 un concert de solidarit\u00e9 magique en collaboration avec la prestigieuse chorale Gaudeamus, sous la direction d&rsquo;Antonio Peces G\u00f3mez. Une soir\u00e9e unique, plac\u00e9e sous le signe de la musique de No\u00ebl et de l&rsquo;esprit de solidarit\u00e9, o\u00f9 chaque note sera ... Lire plus\" \/>\n<meta property=\"og:url\" content=\"https:\/\/www.amigospouponniere.org\/fr\/concert-de-solidarite\/\" \/>\n<meta property=\"og:site_name\" content=\"Amigos de Pouponnier\" \/>\n<meta property=\"article:published_time\" content=\"2024-10-02T08:29:30+00:00\" \/>\n<meta property=\"article:modified_time\" content=\"2025-05-15T08:14:03+00:00\" \/>\n<meta property=\"og:image\" content=\"https:\/\/www.amigospouponniere.org\/wp-content\/uploads\/2024\/10\/concierto.webp\" \/>\n\t<meta property=\"og:image:width\" content=\"1200\" \/>\n\t<meta property=\"og:image:height\" content=\"800\" \/>\n\t<meta property=\"og:image:type\" content=\"image\/webp\" \/>\n<meta name=\"author\" content=\"Direccion_pouponniere\" \/>\n<meta name=\"twitter:card\" content=\"summary_large_image\" \/>\n<meta name=\"twitter:label1\" content=\"\u00c9crit par\" \/>\n\t<meta name=\"twitter:data1\" content=\"Direccion_pouponniere\" \/>\n\t<meta name=\"twitter:label2\" content=\"Dur\u00e9e de lecture estim\u00e9e\" \/>\n\t<meta name=\"twitter:data2\" content=\"1 minute\" \/>\n<script type=\"application\/ld+json\" class=\"yoast-schema-graph\">{\"@context\":\"https:\\\/\\\/schema.org\",\"@graph\":[{\"@type\":\"Article\",\"@id\":\"https:\\\/\\\/www.amigospouponniere.org\\\/fr\\\/concert-de-solidarite\\\/#article\",\"isPartOf\":{\"@id\":\"https:\\\/\\\/www.amigospouponniere.org\\\/fr\\\/concert-de-solidarite\\\/\"},\"author\":{\"name\":\"Direccion_pouponniere\",\"@id\":\"https:\\\/\\\/www.amigospouponniere.org\\\/fr\\\/#\\\/schema\\\/person\\\/b3d5e329d7ffa7262355b3f401fd2732\"},\"headline\":\"Concert de solidarit\u00e9\",\"datePublished\":\"2024-10-02T08:29:30+00:00\",\"dateModified\":\"2025-05-15T08:14:03+00:00\",\"mainEntityOfPage\":{\"@id\":\"https:\\\/\\\/www.amigospouponniere.org\\\/fr\\\/concert-de-solidarite\\\/\"},\"wordCount\":231,\"commentCount\":0,\"image\":{\"@id\":\"https:\\\/\\\/www.amigospouponniere.org\\\/fr\\\/concert-de-solidarite\\\/#primaryimage\"},\"thumbnailUrl\":\"https:\\\/\\\/www.amigospouponniere.org\\\/wp-content\\\/uploads\\\/2024\\\/10\\\/concierto.webp\",\"articleSection\":[\"Actualit\u00e9s\",\"Ev\u00e9nements\"],\"inLanguage\":\"fr-FR\",\"potentialAction\":[{\"@type\":\"CommentAction\",\"name\":\"Comment\",\"target\":[\"https:\\\/\\\/www.amigospouponniere.org\\\/fr\\\/concert-de-solidarite\\\/#respond\"]}]},{\"@type\":\"WebPage\",\"@id\":\"https:\\\/\\\/www.amigospouponniere.org\\\/fr\\\/concert-de-solidarite\\\/\",\"url\":\"https:\\\/\\\/www.amigospouponniere.org\\\/fr\\\/concert-de-solidarite\\\/\",\"name\":\"Concert de solidarit\u00e9 | Amigos de Pouponnier\",\"isPartOf\":{\"@id\":\"https:\\\/\\\/www.amigospouponniere.org\\\/fr\\\/#website\"},\"primaryImageOfPage\":{\"@id\":\"https:\\\/\\\/www.amigospouponniere.org\\\/fr\\\/concert-de-solidarite\\\/#primaryimage\"},\"image\":{\"@id\":\"https:\\\/\\\/www.amigospouponniere.org\\\/fr\\\/concert-de-solidarite\\\/#primaryimage\"},\"thumbnailUrl\":\"https:\\\/\\\/www.amigospouponniere.org\\\/wp-content\\\/uploads\\\/2024\\\/10\\\/concierto.webp\",\"datePublished\":\"2024-10-02T08:29:30+00:00\",\"dateModified\":\"2025-05-15T08:14:03+00:00\",\"author\":{\"@id\":\"https:\\\/\\\/www.amigospouponniere.org\\\/fr\\\/#\\\/schema\\\/person\\\/b3d5e329d7ffa7262355b3f401fd2732\"},\"breadcrumb\":{\"@id\":\"https:\\\/\\\/www.amigospouponniere.org\\\/fr\\\/concert-de-solidarite\\\/#breadcrumb\"},\"inLanguage\":\"fr-FR\",\"potentialAction\":[{\"@type\":\"ReadAction\",\"target\":[\"https:\\\/\\\/www.amigospouponniere.org\\\/fr\\\/concert-de-solidarite\\\/\"]}]},{\"@type\":\"ImageObject\",\"inLanguage\":\"fr-FR\",\"@id\":\"https:\\\/\\\/www.amigospouponniere.org\\\/fr\\\/concert-de-solidarite\\\/#primaryimage\",\"url\":\"https:\\\/\\\/www.amigospouponniere.org\\\/wp-content\\\/uploads\\\/2024\\\/10\\\/concierto.webp\",\"contentUrl\":\"https:\\\/\\\/www.amigospouponniere.org\\\/wp-content\\\/uploads\\\/2024\\\/10\\\/concierto.webp\",\"width\":1200,\"height\":800},{\"@type\":\"BreadcrumbList\",\"@id\":\"https:\\\/\\\/www.amigospouponniere.org\\\/fr\\\/concert-de-solidarite\\\/#breadcrumb\",\"itemListElement\":[{\"@type\":\"ListItem\",\"position\":1,\"name\":\"Portada\",\"item\":\"https:\\\/\\\/www.amigospouponniere.org\\\/fr\\\/\"},{\"@type\":\"ListItem\",\"position\":2,\"name\":\"Concert de solidarit\u00e9\"}]},{\"@type\":\"WebSite\",\"@id\":\"https:\\\/\\\/www.amigospouponniere.org\\\/fr\\\/#website\",\"url\":\"https:\\\/\\\/www.amigospouponniere.org\\\/fr\\\/\",\"name\":\"Amigos de Pouponnier\",\"description\":\"Amigos de Pouponnier\",\"potentialAction\":[{\"@type\":\"SearchAction\",\"target\":{\"@type\":\"EntryPoint\",\"urlTemplate\":\"https:\\\/\\\/www.amigospouponniere.org\\\/fr\\\/?s={search_term_string}\"},\"query-input\":{\"@type\":\"PropertyValueSpecification\",\"valueRequired\":true,\"valueName\":\"search_term_string\"}}],\"inLanguage\":\"fr-FR\"},{\"@type\":\"Person\",\"@id\":\"https:\\\/\\\/www.amigospouponniere.org\\\/fr\\\/#\\\/schema\\\/person\\\/b3d5e329d7ffa7262355b3f401fd2732\",\"name\":\"Direccion_pouponniere\",\"image\":{\"@type\":\"ImageObject\",\"inLanguage\":\"fr-FR\",\"@id\":\"https:\\\/\\\/secure.gravatar.com\\\/avatar\\\/8ee01dd2af165445261e945d24016151f351f73ec75fc455a069ec06c9c0187f?s=96&d=mm&r=g\",\"url\":\"https:\\\/\\\/secure.gravatar.com\\\/avatar\\\/8ee01dd2af165445261e945d24016151f351f73ec75fc455a069ec06c9c0187f?s=96&d=mm&r=g\",\"contentUrl\":\"https:\\\/\\\/secure.gravatar.com\\\/avatar\\\/8ee01dd2af165445261e945d24016151f351f73ec75fc455a069ec06c9c0187f?s=96&d=mm&r=g\",\"caption\":\"Direccion_pouponniere\"},\"url\":\"https:\\\/\\\/www.amigospouponniere.org\\\/fr\\\/author\\\/direccion_pouponniere\\\/\"}]}<\/script>\n<!-- \/ Yoast SEO plugin. -->","yoast_head_json":{"title":"Concert de solidarit\u00e9 | Amigos de Pouponnier","robots":{"index":"index","follow":"follow","max-snippet":"max-snippet:-1","max-image-preview":"max-image-preview:large","max-video-preview":"max-video-preview:-1"},"canonical":"https:\/\/www.amigospouponniere.org\/fr\/concert-de-solidarite\/","og_locale":"fr_FR","og_type":"article","og_title":"Concert de solidarit\u00e9 | Amigos de Pouponnier","og_description":"Date: 18 d\u00e9cembre 2024 Les Amis de la Fondation La Pouponni\u00e8re vous invitent \u00e0 assister \u00e0 un concert de solidarit\u00e9 magique en collaboration avec la prestigieuse chorale Gaudeamus, sous la direction d&rsquo;Antonio Peces G\u00f3mez. Une soir\u00e9e unique, plac\u00e9e sous le signe de la musique de No\u00ebl et de l&rsquo;esprit de solidarit\u00e9, o\u00f9 chaque note sera ... Lire plus","og_url":"https:\/\/www.amigospouponniere.org\/fr\/concert-de-solidarite\/","og_site_name":"Amigos de Pouponnier","article_published_time":"2024-10-02T08:29:30+00:00","article_modified_time":"2025-05-15T08:14:03+00:00","og_image":[{"width":1200,"height":800,"url":"https:\/\/www.amigospouponniere.org\/wp-content\/uploads\/2024\/10\/concierto.webp","type":"image\/webp"}],"author":"Direccion_pouponniere","twitter_card":"summary_large_image","twitter_misc":{"\u00c9crit par":"Direccion_pouponniere","Dur\u00e9e de lecture estim\u00e9e":"1 minute"},"schema":{"@context":"https:\/\/schema.org","@graph":[{"@type":"Article","@id":"https:\/\/www.amigospouponniere.org\/fr\/concert-de-solidarite\/#article","isPartOf":{"@id":"https:\/\/www.amigospouponniere.org\/fr\/concert-de-solidarite\/"},"author":{"name":"Direccion_pouponniere","@id":"https:\/\/www.amigospouponniere.org\/fr\/#\/schema\/person\/b3d5e329d7ffa7262355b3f401fd2732"},"headline":"Concert de solidarit\u00e9","datePublished":"2024-10-02T08:29:30+00:00","dateModified":"2025-05-15T08:14:03+00:00","mainEntityOfPage":{"@id":"https:\/\/www.amigospouponniere.org\/fr\/concert-de-solidarite\/"},"wordCount":231,"commentCount":0,"image":{"@id":"https:\/\/www.amigospouponniere.org\/fr\/concert-de-solidarite\/#primaryimage"},"thumbnailUrl":"https:\/\/www.amigospouponniere.org\/wp-content\/uploads\/2024\/10\/concierto.webp","articleSection":["Actualit\u00e9s","Ev\u00e9nements"],"inLanguage":"fr-FR","potentialAction":[{"@type":"CommentAction","name":"Comment","target":["https:\/\/www.amigospouponniere.org\/fr\/concert-de-solidarite\/#respond"]}]},{"@type":"WebPage","@id":"https:\/\/www.amigospouponniere.org\/fr\/concert-de-solidarite\/","url":"https:\/\/www.amigospouponniere.org\/fr\/concert-de-solidarite\/","name":"Concert de solidarit\u00e9 | Amigos de Pouponnier","isPartOf":{"@id":"https:\/\/www.amigospouponniere.org\/fr\/#website"},"primaryImageOfPage":{"@id":"https:\/\/www.amigospouponniere.org\/fr\/concert-de-solidarite\/#primaryimage"},"image":{"@id":"https:\/\/www.amigospouponniere.org\/fr\/concert-de-solidarite\/#primaryimage"},"thumbnailUrl":"https:\/\/www.amigospouponniere.org\/wp-content\/uploads\/2024\/10\/concierto.webp","datePublished":"2024-10-02T08:29:30+00:00","dateModified":"2025-05-15T08:14:03+00:00","author":{"@id":"https:\/\/www.amigospouponniere.org\/fr\/#\/schema\/person\/b3d5e329d7ffa7262355b3f401fd2732"},"breadcrumb":{"@id":"https:\/\/www.amigospouponniere.org\/fr\/concert-de-solidarite\/#breadcrumb"},"inLanguage":"fr-FR","potentialAction":[{"@type":"ReadAction","target":["https:\/\/www.amigospouponniere.org\/fr\/concert-de-solidarite\/"]}]},{"@type":"ImageObject","inLanguage":"fr-FR","@id":"https:\/\/www.amigospouponniere.org\/fr\/concert-de-solidarite\/#primaryimage","url":"https:\/\/www.amigospouponniere.org\/wp-content\/uploads\/2024\/10\/concierto.webp","contentUrl":"https:\/\/www.amigospouponniere.org\/wp-content\/uploads\/2024\/10\/concierto.webp","width":1200,"height":800},{"@type":"BreadcrumbList","@id":"https:\/\/www.amigospouponniere.org\/fr\/concert-de-solidarite\/#breadcrumb","itemListElement":[{"@type":"ListItem","position":1,"name":"Portada","item":"https:\/\/www.amigospouponniere.org\/fr\/"},{"@type":"ListItem","position":2,"name":"Concert de solidarit\u00e9"}]},{"@type":"WebSite","@id":"https:\/\/www.amigospouponniere.org\/fr\/#website","url":"https:\/\/www.amigospouponniere.org\/fr\/","name":"Amigos de Pouponnier","description":"Amigos de Pouponnier","potentialAction":[{"@type":"SearchAction","target":{"@type":"EntryPoint","urlTemplate":"https:\/\/www.amigospouponniere.org\/fr\/?s={search_term_string}"},"query-input":{"@type":"PropertyValueSpecification","valueRequired":true,"valueName":"search_term_string"}}],"inLanguage":"fr-FR"},{"@type":"Person","@id":"https:\/\/www.amigospouponniere.org\/fr\/#\/schema\/person\/b3d5e329d7ffa7262355b3f401fd2732","name":"Direccion_pouponniere","image":{"@type":"ImageObject","inLanguage":"fr-FR","@id":"https:\/\/secure.gravatar.com\/avatar\/8ee01dd2af165445261e945d24016151f351f73ec75fc455a069ec06c9c0187f?s=96&d=mm&r=g","url":"https:\/\/secure.gravatar.com\/avatar\/8ee01dd2af165445261e945d24016151f351f73ec75fc455a069ec06c9c0187f?s=96&d=mm&r=g","contentUrl":"https:\/\/secure.gravatar.com\/avatar\/8ee01dd2af165445261e945d24016151f351f73ec75fc455a069ec06c9c0187f?s=96&d=mm&r=g","caption":"Direccion_pouponniere"},"url":"https:\/\/www.amigospouponniere.org\/fr\/author\/direccion_pouponniere\/"}]}},"_links":{"self":[{"href":"https:\/\/www.amigospouponniere.org\/fr\/wp-json\/wp\/v2\/posts\/1615","targetHints":{"allow":["GET"]}}],"collection":[{"href":"https:\/\/www.amigospouponniere.org\/fr\/wp-json\/wp\/v2\/posts"}],"about":[{"href":"https:\/\/www.amigospouponniere.org\/fr\/wp-json\/wp\/v2\/types\/post"}],"author":[{"embeddable":true,"href":"https:\/\/www.amigospouponniere.org\/fr\/wp-json\/wp\/v2\/users\/5"}],"replies":[{"embeddable":true,"href":"https:\/\/www.amigospouponniere.org\/fr\/wp-json\/wp\/v2\/comments?post=1615"}],"version-history":[{"count":1,"href":"https:\/\/www.amigospouponniere.org\/fr\/wp-json\/wp\/v2\/posts\/1615\/revisions"}],"predecessor-version":[{"id":1616,"href":"https:\/\/www.amigospouponniere.org\/fr\/wp-json\/wp\/v2\/posts\/1615\/revisions\/1616"}],"wp:featuredmedia":[{"embeddable":true,"href":"https:\/\/www.amigospouponniere.org\/fr\/wp-json\/wp\/v2\/media\/1513"}],"wp:attachment":[{"href":"https:\/\/www.amigospouponniere.org\/fr\/wp-json\/wp\/v2\/media?parent=1615"}],"wp:term":[{"taxonomy":"category","embeddable":true,"href":"https:\/\/www.amigospouponniere.org\/fr\/wp-json\/wp\/v2\/categories?post=1615"},{"taxonomy":"post_tag","embeddable":true,"href":"https:\/\/www.amigospouponniere.org\/fr\/wp-json\/wp\/v2\/tags?post=1615"}],"curies":[{"name":"wp","href":"https:\/\/api.w.org\/{rel}","templated":true}]}}