{"id":1613,"date":"2024-10-02T08:30:24","date_gmt":"2024-10-02T08:30:24","guid":{"rendered":"https:\/\/www.amigospouponniere.org\/calendriers-de-solidarite-2025\/"},"modified":"2025-05-15T08:01:01","modified_gmt":"2025-05-15T08:01:01","slug":"calendriers-de-solidarite-2025","status":"publish","type":"post","link":"https:\/\/www.amigospouponniere.org\/fr\/calendriers-de-solidarite-2025\/","title":{"rendered":"Calendriers de solidarit\u00e9 2025"},"content":{"rendered":"\n<p>Chez <strong>Amigos de la Pouponni\u00e8re<\/strong>, nous avons con\u00e7u des <strong>calendriers solidaires<\/strong> qui non seulement vous accompagneront tout au long de l&rsquo;ann\u00e9e, mais contribueront \u00e9galement \u00e0 am\u00e9liorer la vie de nombreux enfants au S\u00e9n\u00e9gal. Chaque euro r\u00e9colt\u00e9 par la vente de ces calendriers sera enti\u00e8rement revers\u00e9 <strong>\u00e0 nos projets humanitaires<\/strong>, afin d&rsquo;am\u00e9liorer leurs conditions de vie ici et maintenant et d&rsquo;offrir de l&rsquo;espoir aux plus petits. <\/p>\n\n<h2 class=\"wp-block-heading\">D\u00e9tails du calendrier de la solidarit\u00e9<\/h2>\n\n<ul class=\"wp-block-list\">\n<li><strong>Prix<\/strong>: 5 euros par unit\u00e9 (+ frais de port).<\/li>\n\n\n\n<li><strong>Promotion sp\u00e9ciale<\/strong>: si vous achetez 5 unit\u00e9s ou plus, les frais de port sont gratuits !<\/li>\n\n\n\n<li><strong>Comment commander<\/strong>: Passez votre commande en envoyant un courriel \u00e0 <a href=\"mailto:hola@amigospouponniere.org\"><strong>hola@amigospouponniere.org<\/strong><\/a>.<\/li>\n<\/ul>\n\n<h2 class=\"wp-block-heading\">Pourquoi choisir notre calendrier ?<\/h2>\n\n<ul class=\"wp-block-list\">\n<li>La <strong>solidarit\u00e9 en action<\/strong>: chaque achat est un pas de plus vers l&rsquo;avenir des enfants du S\u00e9n\u00e9gal.<\/li>\n\n\n\n<li>Un <strong>design unique<\/strong>: d\u00e9couvrez un calendrier sp\u00e9cial, inspir\u00e9 par la richesse culturelle et les histoires d&rsquo;espoir des projets que nous soutenons.<\/li>\n\n\n\n<li><strong>Id\u00e9al comme cadeau<\/strong>: Surprenez vos proches avec un d\u00e9tail qui les inspire et les aide.<\/li>\n<\/ul>\n\n<p>Avec votre achat, vous marquez non seulement vos journ\u00e9es sur le calendrier, mais aussi dans la vie de ceux qui en ont le plus besoin. Rejoignez notre cause et faites la diff\u00e9rence d\u00e8s aujourd&rsquo;hui ! <\/p>\n\n<h2 class=\"wp-block-heading\">Commander<\/h2>\n\n<p>\u00c9crivez \u00e0 <strong>hola@amigospouponniere.org<\/strong> pour plus d&rsquo;informations ou pour confirmer votre achat.  <\/p>\n\n<p>Merci de faire partie de cette grande famille de la solidarit\u00e9 !<\/p>\n","protected":false},"excerpt":{"rendered":"<p>Chez Amigos de la Pouponni\u00e8re, nous avons con\u00e7u des calendriers solidaires qui non seulement vous accompagneront tout au long de l&rsquo;ann\u00e9e, mais contribueront \u00e9galement \u00e0 am\u00e9liorer la vie de nombreux enfants au S\u00e9n\u00e9gal. Chaque euro r\u00e9colt\u00e9 par la vente de ces calendriers sera enti\u00e8rement revers\u00e9 \u00e0 nos projets humanitaires, afin d&rsquo;am\u00e9liorer leurs conditions de vie &#8230; <a title=\"Calendriers de solidarit\u00e9 2025\" class=\"read-more\" href=\"https:\/\/www.amigospouponniere.org\/fr\/calendriers-de-solidarite-2025\/\" aria-label=\"En savoir plus sur Calendriers de solidarit\u00e9 2025\">Lire plus<\/a><\/p>\n","protected":false},"author":5,"featured_media":1552,"comment_status":"open","ping_status":"open","sticky":false,"template":"","format":"standard","meta":{"footnotes":""},"categories":[19,20],"tags":[],"class_list":["post-1613","post","type-post","status-publish","format-standard","has-post-thumbnail","hentry","category-actualites","category-evenements"],"yoast_head":"<!-- This site is optimized with the Yoast SEO plugin v27.5 - https:\/\/yoast.com\/product\/yoast-seo-wordpress\/ -->\n<title>Calendriers de solidarit\u00e9 2025 | Amigos de Pouponnier<\/title>\n<meta name=\"robots\" content=\"index, follow, max-snippet:-1, max-image-preview:large, max-video-preview:-1\" \/>\n<link rel=\"canonical\" href=\"https:\/\/www.amigospouponniere.org\/fr\/calendriers-de-solidarite-2025\/\" \/>\n<meta property=\"og:locale\" content=\"fr_FR\" \/>\n<meta property=\"og:type\" content=\"article\" \/>\n<meta property=\"og:title\" content=\"Calendriers de solidarit\u00e9 2025 | Amigos de Pouponnier\" \/>\n<meta property=\"og:description\" content=\"Chez Amigos de la Pouponni\u00e8re, nous avons con\u00e7u des calendriers solidaires qui non seulement vous accompagneront tout au long de l&rsquo;ann\u00e9e, mais contribueront \u00e9galement \u00e0 am\u00e9liorer la vie de nombreux enfants au S\u00e9n\u00e9gal. Chaque euro r\u00e9colt\u00e9 par la vente de ces calendriers sera enti\u00e8rement revers\u00e9 \u00e0 nos projets humanitaires, afin d&rsquo;am\u00e9liorer leurs conditions de vie ... Lire plus\" \/>\n<meta property=\"og:url\" content=\"https:\/\/www.amigospouponniere.org\/fr\/calendriers-de-solidarite-2025\/\" \/>\n<meta property=\"og:site_name\" content=\"Amigos de Pouponnier\" \/>\n<meta property=\"article:published_time\" content=\"2024-10-02T08:30:24+00:00\" \/>\n<meta property=\"article:modified_time\" content=\"2025-05-15T08:01:01+00:00\" \/>\n<meta property=\"og:image\" content=\"https:\/\/www.amigospouponniere.org\/wp-content\/uploads\/2024\/10\/calendarblog.webp\" \/>\n\t<meta property=\"og:image:width\" content=\"1200\" \/>\n\t<meta property=\"og:image:height\" content=\"800\" \/>\n\t<meta property=\"og:image:type\" content=\"image\/webp\" \/>\n<meta name=\"author\" content=\"Direccion_pouponniere\" \/>\n<meta name=\"twitter:card\" content=\"summary_large_image\" \/>\n<meta name=\"twitter:label1\" content=\"\u00c9crit par\" \/>\n\t<meta name=\"twitter:data1\" content=\"Direccion_pouponniere\" \/>\n\t<meta name=\"twitter:label2\" content=\"Dur\u00e9e de lecture estim\u00e9e\" \/>\n\t<meta name=\"twitter:data2\" content=\"1 minute\" \/>\n<script type=\"application\/ld+json\" class=\"yoast-schema-graph\">{\"@context\":\"https:\\\/\\\/schema.org\",\"@graph\":[{\"@type\":\"Article\",\"@id\":\"https:\\\/\\\/www.amigospouponniere.org\\\/fr\\\/calendriers-de-solidarite-2025\\\/#article\",\"isPartOf\":{\"@id\":\"https:\\\/\\\/www.amigospouponniere.org\\\/fr\\\/calendriers-de-solidarite-2025\\\/\"},\"author\":{\"name\":\"Direccion_pouponniere\",\"@id\":\"https:\\\/\\\/www.amigospouponniere.org\\\/fr\\\/#\\\/schema\\\/person\\\/b3d5e329d7ffa7262355b3f401fd2732\"},\"headline\":\"Calendriers de solidarit\u00e9 2025\",\"datePublished\":\"2024-10-02T08:30:24+00:00\",\"dateModified\":\"2025-05-15T08:01:01+00:00\",\"mainEntityOfPage\":{\"@id\":\"https:\\\/\\\/www.amigospouponniere.org\\\/fr\\\/calendriers-de-solidarite-2025\\\/\"},\"wordCount\":249,\"commentCount\":0,\"image\":{\"@id\":\"https:\\\/\\\/www.amigospouponniere.org\\\/fr\\\/calendriers-de-solidarite-2025\\\/#primaryimage\"},\"thumbnailUrl\":\"https:\\\/\\\/www.amigospouponniere.org\\\/wp-content\\\/uploads\\\/2024\\\/10\\\/calendarblog.webp\",\"articleSection\":[\"Actualit\u00e9s\",\"Ev\u00e9nements\"],\"inLanguage\":\"fr-FR\",\"potentialAction\":[{\"@type\":\"CommentAction\",\"name\":\"Comment\",\"target\":[\"https:\\\/\\\/www.amigospouponniere.org\\\/fr\\\/calendriers-de-solidarite-2025\\\/#respond\"]}]},{\"@type\":\"WebPage\",\"@id\":\"https:\\\/\\\/www.amigospouponniere.org\\\/fr\\\/calendriers-de-solidarite-2025\\\/\",\"url\":\"https:\\\/\\\/www.amigospouponniere.org\\\/fr\\\/calendriers-de-solidarite-2025\\\/\",\"name\":\"Calendriers de solidarit\u00e9 2025 | Amigos de Pouponnier\",\"isPartOf\":{\"@id\":\"https:\\\/\\\/www.amigospouponniere.org\\\/fr\\\/#website\"},\"primaryImageOfPage\":{\"@id\":\"https:\\\/\\\/www.amigospouponniere.org\\\/fr\\\/calendriers-de-solidarite-2025\\\/#primaryimage\"},\"image\":{\"@id\":\"https:\\\/\\\/www.amigospouponniere.org\\\/fr\\\/calendriers-de-solidarite-2025\\\/#primaryimage\"},\"thumbnailUrl\":\"https:\\\/\\\/www.amigospouponniere.org\\\/wp-content\\\/uploads\\\/2024\\\/10\\\/calendarblog.webp\",\"datePublished\":\"2024-10-02T08:30:24+00:00\",\"dateModified\":\"2025-05-15T08:01:01+00:00\",\"author\":{\"@id\":\"https:\\\/\\\/www.amigospouponniere.org\\\/fr\\\/#\\\/schema\\\/person\\\/b3d5e329d7ffa7262355b3f401fd2732\"},\"breadcrumb\":{\"@id\":\"https:\\\/\\\/www.amigospouponniere.org\\\/fr\\\/calendriers-de-solidarite-2025\\\/#breadcrumb\"},\"inLanguage\":\"fr-FR\",\"potentialAction\":[{\"@type\":\"ReadAction\",\"target\":[\"https:\\\/\\\/www.amigospouponniere.org\\\/fr\\\/calendriers-de-solidarite-2025\\\/\"]}]},{\"@type\":\"ImageObject\",\"inLanguage\":\"fr-FR\",\"@id\":\"https:\\\/\\\/www.amigospouponniere.org\\\/fr\\\/calendriers-de-solidarite-2025\\\/#primaryimage\",\"url\":\"https:\\\/\\\/www.amigospouponniere.org\\\/wp-content\\\/uploads\\\/2024\\\/10\\\/calendarblog.webp\",\"contentUrl\":\"https:\\\/\\\/www.amigospouponniere.org\\\/wp-content\\\/uploads\\\/2024\\\/10\\\/calendarblog.webp\",\"width\":1200,\"height\":800},{\"@type\":\"BreadcrumbList\",\"@id\":\"https:\\\/\\\/www.amigospouponniere.org\\\/fr\\\/calendriers-de-solidarite-2025\\\/#breadcrumb\",\"itemListElement\":[{\"@type\":\"ListItem\",\"position\":1,\"name\":\"Portada\",\"item\":\"https:\\\/\\\/www.amigospouponniere.org\\\/fr\\\/\"},{\"@type\":\"ListItem\",\"position\":2,\"name\":\"Calendriers de solidarit\u00e9 2025\"}]},{\"@type\":\"WebSite\",\"@id\":\"https:\\\/\\\/www.amigospouponniere.org\\\/fr\\\/#website\",\"url\":\"https:\\\/\\\/www.amigospouponniere.org\\\/fr\\\/\",\"name\":\"Amigos de Pouponnier\",\"description\":\"Amigos de Pouponnier\",\"potentialAction\":[{\"@type\":\"SearchAction\",\"target\":{\"@type\":\"EntryPoint\",\"urlTemplate\":\"https:\\\/\\\/www.amigospouponniere.org\\\/fr\\\/?s={search_term_string}\"},\"query-input\":{\"@type\":\"PropertyValueSpecification\",\"valueRequired\":true,\"valueName\":\"search_term_string\"}}],\"inLanguage\":\"fr-FR\"},{\"@type\":\"Person\",\"@id\":\"https:\\\/\\\/www.amigospouponniere.org\\\/fr\\\/#\\\/schema\\\/person\\\/b3d5e329d7ffa7262355b3f401fd2732\",\"name\":\"Direccion_pouponniere\",\"image\":{\"@type\":\"ImageObject\",\"inLanguage\":\"fr-FR\",\"@id\":\"https:\\\/\\\/secure.gravatar.com\\\/avatar\\\/8ee01dd2af165445261e945d24016151f351f73ec75fc455a069ec06c9c0187f?s=96&d=mm&r=g\",\"url\":\"https:\\\/\\\/secure.gravatar.com\\\/avatar\\\/8ee01dd2af165445261e945d24016151f351f73ec75fc455a069ec06c9c0187f?s=96&d=mm&r=g\",\"contentUrl\":\"https:\\\/\\\/secure.gravatar.com\\\/avatar\\\/8ee01dd2af165445261e945d24016151f351f73ec75fc455a069ec06c9c0187f?s=96&d=mm&r=g\",\"caption\":\"Direccion_pouponniere\"},\"url\":\"https:\\\/\\\/www.amigospouponniere.org\\\/fr\\\/author\\\/direccion_pouponniere\\\/\"}]}<\/script>\n<!-- \/ Yoast SEO plugin. -->","yoast_head_json":{"title":"Calendriers de solidarit\u00e9 2025 | Amigos de Pouponnier","robots":{"index":"index","follow":"follow","max-snippet":"max-snippet:-1","max-image-preview":"max-image-preview:large","max-video-preview":"max-video-preview:-1"},"canonical":"https:\/\/www.amigospouponniere.org\/fr\/calendriers-de-solidarite-2025\/","og_locale":"fr_FR","og_type":"article","og_title":"Calendriers de solidarit\u00e9 2025 | Amigos de Pouponnier","og_description":"Chez Amigos de la Pouponni\u00e8re, nous avons con\u00e7u des calendriers solidaires qui non seulement vous accompagneront tout au long de l&rsquo;ann\u00e9e, mais contribueront \u00e9galement \u00e0 am\u00e9liorer la vie de nombreux enfants au S\u00e9n\u00e9gal. Chaque euro r\u00e9colt\u00e9 par la vente de ces calendriers sera enti\u00e8rement revers\u00e9 \u00e0 nos projets humanitaires, afin d&rsquo;am\u00e9liorer leurs conditions de vie ... Lire plus","og_url":"https:\/\/www.amigospouponniere.org\/fr\/calendriers-de-solidarite-2025\/","og_site_name":"Amigos de Pouponnier","article_published_time":"2024-10-02T08:30:24+00:00","article_modified_time":"2025-05-15T08:01:01+00:00","og_image":[{"width":1200,"height":800,"url":"https:\/\/www.amigospouponniere.org\/wp-content\/uploads\/2024\/10\/calendarblog.webp","type":"image\/webp"}],"author":"Direccion_pouponniere","twitter_card":"summary_large_image","twitter_misc":{"\u00c9crit par":"Direccion_pouponniere","Dur\u00e9e de lecture estim\u00e9e":"1 minute"},"schema":{"@context":"https:\/\/schema.org","@graph":[{"@type":"Article","@id":"https:\/\/www.amigospouponniere.org\/fr\/calendriers-de-solidarite-2025\/#article","isPartOf":{"@id":"https:\/\/www.amigospouponniere.org\/fr\/calendriers-de-solidarite-2025\/"},"author":{"name":"Direccion_pouponniere","@id":"https:\/\/www.amigospouponniere.org\/fr\/#\/schema\/person\/b3d5e329d7ffa7262355b3f401fd2732"},"headline":"Calendriers de solidarit\u00e9 2025","datePublished":"2024-10-02T08:30:24+00:00","dateModified":"2025-05-15T08:01:01+00:00","mainEntityOfPage":{"@id":"https:\/\/www.amigospouponniere.org\/fr\/calendriers-de-solidarite-2025\/"},"wordCount":249,"commentCount":0,"image":{"@id":"https:\/\/www.amigospouponniere.org\/fr\/calendriers-de-solidarite-2025\/#primaryimage"},"thumbnailUrl":"https:\/\/www.amigospouponniere.org\/wp-content\/uploads\/2024\/10\/calendarblog.webp","articleSection":["Actualit\u00e9s","Ev\u00e9nements"],"inLanguage":"fr-FR","potentialAction":[{"@type":"CommentAction","name":"Comment","target":["https:\/\/www.amigospouponniere.org\/fr\/calendriers-de-solidarite-2025\/#respond"]}]},{"@type":"WebPage","@id":"https:\/\/www.amigospouponniere.org\/fr\/calendriers-de-solidarite-2025\/","url":"https:\/\/www.amigospouponniere.org\/fr\/calendriers-de-solidarite-2025\/","name":"Calendriers de solidarit\u00e9 2025 | Amigos de Pouponnier","isPartOf":{"@id":"https:\/\/www.amigospouponniere.org\/fr\/#website"},"primaryImageOfPage":{"@id":"https:\/\/www.amigospouponniere.org\/fr\/calendriers-de-solidarite-2025\/#primaryimage"},"image":{"@id":"https:\/\/www.amigospouponniere.org\/fr\/calendriers-de-solidarite-2025\/#primaryimage"},"thumbnailUrl":"https:\/\/www.amigospouponniere.org\/wp-content\/uploads\/2024\/10\/calendarblog.webp","datePublished":"2024-10-02T08:30:24+00:00","dateModified":"2025-05-15T08:01:01+00:00","author":{"@id":"https:\/\/www.amigospouponniere.org\/fr\/#\/schema\/person\/b3d5e329d7ffa7262355b3f401fd2732"},"breadcrumb":{"@id":"https:\/\/www.amigospouponniere.org\/fr\/calendriers-de-solidarite-2025\/#breadcrumb"},"inLanguage":"fr-FR","potentialAction":[{"@type":"ReadAction","target":["https:\/\/www.amigospouponniere.org\/fr\/calendriers-de-solidarite-2025\/"]}]},{"@type":"ImageObject","inLanguage":"fr-FR","@id":"https:\/\/www.amigospouponniere.org\/fr\/calendriers-de-solidarite-2025\/#primaryimage","url":"https:\/\/www.amigospouponniere.org\/wp-content\/uploads\/2024\/10\/calendarblog.webp","contentUrl":"https:\/\/www.amigospouponniere.org\/wp-content\/uploads\/2024\/10\/calendarblog.webp","width":1200,"height":800},{"@type":"BreadcrumbList","@id":"https:\/\/www.amigospouponniere.org\/fr\/calendriers-de-solidarite-2025\/#breadcrumb","itemListElement":[{"@type":"ListItem","position":1,"name":"Portada","item":"https:\/\/www.amigospouponniere.org\/fr\/"},{"@type":"ListItem","position":2,"name":"Calendriers de solidarit\u00e9 2025"}]},{"@type":"WebSite","@id":"https:\/\/www.amigospouponniere.org\/fr\/#website","url":"https:\/\/www.amigospouponniere.org\/fr\/","name":"Amigos de Pouponnier","description":"Amigos de Pouponnier","potentialAction":[{"@type":"SearchAction","target":{"@type":"EntryPoint","urlTemplate":"https:\/\/www.amigospouponniere.org\/fr\/?s={search_term_string}"},"query-input":{"@type":"PropertyValueSpecification","valueRequired":true,"valueName":"search_term_string"}}],"inLanguage":"fr-FR"},{"@type":"Person","@id":"https:\/\/www.amigospouponniere.org\/fr\/#\/schema\/person\/b3d5e329d7ffa7262355b3f401fd2732","name":"Direccion_pouponniere","image":{"@type":"ImageObject","inLanguage":"fr-FR","@id":"https:\/\/secure.gravatar.com\/avatar\/8ee01dd2af165445261e945d24016151f351f73ec75fc455a069ec06c9c0187f?s=96&d=mm&r=g","url":"https:\/\/secure.gravatar.com\/avatar\/8ee01dd2af165445261e945d24016151f351f73ec75fc455a069ec06c9c0187f?s=96&d=mm&r=g","contentUrl":"https:\/\/secure.gravatar.com\/avatar\/8ee01dd2af165445261e945d24016151f351f73ec75fc455a069ec06c9c0187f?s=96&d=mm&r=g","caption":"Direccion_pouponniere"},"url":"https:\/\/www.amigospouponniere.org\/fr\/author\/direccion_pouponniere\/"}]}},"_links":{"self":[{"href":"https:\/\/www.amigospouponniere.org\/fr\/wp-json\/wp\/v2\/posts\/1613","targetHints":{"allow":["GET"]}}],"collection":[{"href":"https:\/\/www.amigospouponniere.org\/fr\/wp-json\/wp\/v2\/posts"}],"about":[{"href":"https:\/\/www.amigospouponniere.org\/fr\/wp-json\/wp\/v2\/types\/post"}],"author":[{"embeddable":true,"href":"https:\/\/www.amigospouponniere.org\/fr\/wp-json\/wp\/v2\/users\/5"}],"replies":[{"embeddable":true,"href":"https:\/\/www.amigospouponniere.org\/fr\/wp-json\/wp\/v2\/comments?post=1613"}],"version-history":[{"count":1,"href":"https:\/\/www.amigospouponniere.org\/fr\/wp-json\/wp\/v2\/posts\/1613\/revisions"}],"predecessor-version":[{"id":1614,"href":"https:\/\/www.amigospouponniere.org\/fr\/wp-json\/wp\/v2\/posts\/1613\/revisions\/1614"}],"wp:featuredmedia":[{"embeddable":true,"href":"https:\/\/www.amigospouponniere.org\/fr\/wp-json\/wp\/v2\/media\/1552"}],"wp:attachment":[{"href":"https:\/\/www.amigospouponniere.org\/fr\/wp-json\/wp\/v2\/media?parent=1613"}],"wp:term":[{"taxonomy":"category","embeddable":true,"href":"https:\/\/www.amigospouponniere.org\/fr\/wp-json\/wp\/v2\/categories?post=1613"},{"taxonomy":"post_tag","embeddable":true,"href":"https:\/\/www.amigospouponniere.org\/fr\/wp-json\/wp\/v2\/tags?post=1613"}],"curies":[{"name":"wp","href":"https:\/\/api.w.org\/{rel}","templated":true}]}}